{"id":1237,"date":"2020-04-14T15:49:15","date_gmt":"2020-04-14T15:49:15","guid":{"rendered":"https:\/\/babatszeretnenk.hu\/?p=1237"},"modified":"2020-04-14T15:49:15","modified_gmt":"2020-04-14T15:49:15","slug":"a-koronavirus-hatasa-a-ferfi-meddosegre","status":"publish","type":"post","link":"https:\/\/babatszeretnenk.hu\/en\/a-koronavirus-hatasa-a-ferfi-meddosegre\/","title":{"rendered":"A koronav\u00edrus hat\u00e1sa a f\u00e9rfi medd\u0151s\u00e9gre"},"content":{"rendered":"<p>Napjainkban sz\u00e1mos m\u00e1s, az eg\u00e9szs\u00e9g\u00fcnket \u00e9rint\u0151 k\u00e9rd\u00e9s\nmellett \u2013 f\u0151leg az \u00e9ppen most gyermeket tervez\u0151 p\u00e1rokn\u00e1l \u2013 gyakran felmer\u00fclhet\na k\u00e9rd\u00e9s:&nbsp; Befoly\u00e1solja-e a koronav\u00edrus a\nf\u00e9rfi medd\u0151s\u00e9get? <\/p>\n\n\n\n<p>Term\u00e9szetesen m\u00e1r ebben a t\u00e9m\u00e1ban is jelentek meg nemzetk\u00f6zi\ntudom\u00e1nyos \u00e9s ismeretterjeszt\u0151 tanulm\u00e1nyok , ezek \u00e9s a saj\u00e1t tapasztalataim\nalapj\u00e1n megpr\u00f3b\u00e1lom r\u00f6viden \u00f6sszefoglalni a v\u00e1laszt. <\/p>\n\n\n\n<p>Koronav\u00edrus okozta fert\u0151z\u00e9s, mint minden m\u00e1s olyan fert\u0151z\u00e9s,\nami magas l\u00e1zzal j\u00e1rhat, \u00e1tmeneti jelleggel ronthatja a f\u00e9rfiak megterm\u00e9keny\u00edt\u0151\nk\u00e9pess\u00e9g\u00e9t.&nbsp; Ez nem speci\u00e1lisan az adott\nv\u00edrus okozta probl\u00e9ma, hanem mag\u00e1nak a l\u00e1znak a k\u00f6vetkezm\u00e9nye, mivel a magasabb\nh\u0151&nbsp; okozta k\u00e1ros hat\u00e1sok kiv\u00e9d\u00e9s\u00e9t a\nherezacsk\u00f3 egy bizonyos h\u0151m\u00e9rs\u00e9klet felett m\u00e1r nem tudja kompenz\u00e1lni a\nt\u00e1gul\u00e1s\u00e1val (\u00e9s az ennek k\u00f6sz\u00f6nhet\u0151 nagyobb h\u0151lead\u00e1ssal) , \u00edgy a her\u00e9ben\nt\u00f6rt\u00e9n\u0151 spermium termel\u0151d\u00e9s k\u00e1rokat szenved. Ilyenkor nem csak a spermiumok\nsz\u00e1ma, hanem azok mozg\u00e1sa \u00e9s genetikai \u00f6sszetetts\u00e9ge is k\u00e1rosodhat, de\nszerencs\u00e9re ezek a k\u00e1rosod\u00e1sok a l\u00e1zas \u00e1llapot megsz\u0171n\u00e9s\u00e9t k\u00f6vet\u0151&nbsp; 2-3 h\u00f3nap alatt elm\u00falnak. ( Az\u00e9rt ennyire ,\nar\u00e1nylag hossz\u00fa id\u0151 kell a regener\u00e1l\u00f3d\u00e1shoz, mert az \u00faj spermiumok fejl\u0151d\u00e9se \u00e9s\n\u00e9r\u00e9se kb. ennyi id\u0151t ig\u00e9nyel. ) <\/p>\n\n\n\n<p>A koronav\u00edrus hossz\u00fat\u00e1v\u00fa hat\u00e1sa a f\u00e9rfiak megterm\u00e9keny\u00edt\u0151\nk\u00e9pess\u00e9g\u00e9re term\u00e9szetesen m\u00e9g nem tiszt\u00e1zott, ahhoz m\u00e9g nincsenek elegend\u0151\nhossz\u00fat\u00e1v\u00fa tapasztalatok.&nbsp; Ismertek olyan\nv\u00edros fert\u0151z\u00e9sek, melyek a here\u00e1llom\u00e1ny gyullad\u00e1s\u00e1t \u00e9s hegesed\u00e9s\u00e9t, sorvad\u00e1s\u00e1t\nokozhatj\u00e1k, ez\u00e1ltal visszaford\u00edthatatlanul k\u00e1ros\u00edthatj\u00e1k a f\u00e9rfiak\nnemz\u0151k\u00e9pess\u00e9g\u00e9t. Ilyen pl. a Mumpsz , melyet szint\u00e9n egy v\u00edrus okoz \u00e9s\nalapvet\u0151en a f\u00fclt\u0151mirigy gyullad\u00e1s\u00e1t okozza, de n\u00e9ha sajnos a f\u00e9rfiak her\u00e9j\u00e9re\nis r\u00e1terjedhet a folyamat. Amennyiben ez pont a kamaszkorra, vagy a fiatal\nfeln\u0151ttkorra esik, \u00fagy a k\u00e1rosodott heresz\u00f6vet a k\u00e9s\u0151bbiekben nem k\u00e9pes\nnorm\u00e1lis sz\u00e1m\u00fa \u00e9s min\u0151s\u00e9g\u0171 spermium termel\u00e9s\u00e9re. <\/p>\n\n\n\n<p>K\u00ednai kutat\u00f3k kor\u00e1bban egy, a koronav\u00edrushoz hasonl\u00f3\nv\u00edrusr\u00f3l, a&nbsp; SARS v\u00edrusr\u00f3l is le\u00edrt\u00e1k,\nhogy heregyullad\u00e1st \u00e9s k\u00f6vetkezm\u00e9nyes herek\u00e1rosod\u00e1st okozhat.&nbsp; Mivel a SARS \u00e9s az \u00faj koronav\u00edrus\ngenetikailag hasonl\u00f3ak, elm\u00e9letileg lehets\u00e9ges, hogy a mai koronav\u00edrus hasonl\u00f3 k\u00f6vetkezm\u00e9nnyel\nj\u00e1rhat, b\u00e1r ezid\u00e1ig nem k\u00f6z\u00f6ltek le a koronav\u00edrussal \u00f6sszef\u00fcgg\u00e9sbe hozhazt\u00f3\nheregyullad\u00e1sokat.<\/p>\n\n\n\n<p>Mivel egyel\u0151re nem ismert, hogy a Covid- 19 milyen\nkedvez\u0151tlen hat\u00e1ssal van a terhess\u00e9gre, a szakemberek a lehets\u00e9ges fert\u0151z\u00f6tts\u00e9g\neset\u00e9n a tervezett teherbees\u00e9sek halaszt\u00e1s\u00e1t javasolj\u00e1k. <\/p>\n\n\n\n<p>Mit lehet tenni a term\u00e9kenys\u00e9g meg\u0151rz\u00e9se \u00e9rdek\u00e9ben? El\u0151sz\u00f6r is be kell tartani azokat az \u00f3vint\u00e9zked\u00e9seket, melyek abban seg\u00edtenek, hogy a term\u00e9kenys\u00e9gi korban l\u00e9v\u0151 f\u00e9rfiak ne kapj\u00e1k el a fert\u0151z\u00e9st. Nagyon fontos, hogy a gyermeket tervez\u0151 f\u00e9rfiak spermiumsz\u00e1ma \u00e9s azok min\u0151s\u00e9ge ne romoljon, emiatt \u00e9rdemes a bev\u00e1lt \u00e9s bizony\u00edtottan j\u00f3 hat\u00e1s\u00fa\u00a0 komplex k\u00e9sz\u00edtm\u00e9nyek szed\u00e9se. Ezek k\u00f6z\u00fcl \u00e9rdemes olyat v\u00e1lasztani, melyekben az immunrendszer sz\u00e1m\u00e1ra is hasznos \u00f6sszetev\u0151k ( D-vitamin, Cink, Szel\u00e9n) is jelen vannak. <\/p>\n\n\n\n<p>Dr. Sz\u0171cs Mikl\u00f3s <br>Urol\u00f3gus \u00e9s Androl\u00f3gus szakorvos<br>Oszt\u00e1lyvezet\u0151 f\u0151orvos<\/p>","protected":false},"excerpt":{"rendered":"<p>Napjainkban sz\u00e1mos m\u00e1s, az eg\u00e9szs\u00e9g\u00fcnket \u00e9rint\u0151 k\u00e9rd\u00e9s mellett \u2013 f\u0151leg az \u00e9ppen most gyermeket tervez\u0151 p\u00e1rokn\u00e1l \u2013 gyakran felmer\u00fclhet a k\u00e9rd\u00e9s:&nbsp; Befoly\u00e1solja-e a koronav\u00edrus a f\u00e9rfi medd\u0151s\u00e9get? Term\u00e9szetesen m\u00e1r ebben [&hellip;]<\/p>\n","protected":false},"author":1,"featured_media":1238,"comment_status":"open","ping_status":"open","sticky":false,"template":"","format":"standard","meta":{"footnotes":""},"categories":[29],"tags":[],"class_list":["post-1237","post","type-post","status-publish","format-standard","has-post-thumbnail","hentry","category-cikkek"],"_links":{"self":[{"href":"https:\/\/babatszeretnenk.hu\/en\/wp-json\/wp\/v2\/posts\/1237","targetHints":{"allow":["GET"]}}],"collection":[{"href":"https:\/\/babatszeretnenk.hu\/en\/wp-json\/wp\/v2\/posts"}],"about":[{"href":"https:\/\/babatszeretnenk.hu\/en\/wp-json\/wp\/v2\/types\/post"}],"author":[{"embeddable":true,"href":"https:\/\/babatszeretnenk.hu\/en\/wp-json\/wp\/v2\/users\/1"}],"replies":[{"embeddable":true,"href":"https:\/\/babatszeretnenk.hu\/en\/wp-json\/wp\/v2\/comments?post=1237"}],"version-history":[{"count":0,"href":"https:\/\/babatszeretnenk.hu\/en\/wp-json\/wp\/v2\/posts\/1237\/revisions"}],"wp:featuredmedia":[{"embeddable":true,"href":"https:\/\/babatszeretnenk.hu\/en\/wp-json\/"}],"wp:attachment":[{"href":"https:\/\/babatszeretnenk.hu\/en\/wp-json\/wp\/v2\/media?parent=1237"}],"wp:term":[{"taxonomy":"category","embeddable":true,"href":"https:\/\/babatszeretnenk.hu\/en\/wp-json\/wp\/v2\/categories?post=1237"},{"taxonomy":"post_tag","embeddable":true,"href":"https:\/\/babatszeretnenk.hu\/en\/wp-json\/wp\/v2\/tags?post=1237"}],"curies":[{"name":"wp","href":"https:\/\/api.w.org\/{rel}","templated":true}]}}